{"id":15,"date":"2025-11-11T08:00:23","date_gmt":"2025-11-11T08:00:23","guid":{"rendered":"http:\/\/www.finbau.cz.uvirt130.active24.cz\/?p=15"},"modified":"2025-11-11T14:06:00","modified_gmt":"2025-11-11T14:06:00","slug":"appearance-guide","status":"publish","type":"post","link":"https:\/\/www.finbau.cz\/?p=15","title":{"rendered":"Hala 10C &#8211; lev\u00e1 p\u0159edn\u00ed \u010d\u00e1st"},"content":{"rendered":"\n<figure class=\"wp-block-gallery has-nested-images columns-default is-cropped wp-block-gallery-1 is-layout-flex wp-block-gallery-is-layout-flex\">\n<figure class=\"wp-block-image size-large\"><img loading=\"lazy\" decoding=\"async\" width=\"1024\" height=\"576\" data-id=\"124\" src=\"http:\/\/www.finbau.cz.uvirt130.active24.cz\/wp-content\/uploads\/2023\/04\/IMG_20230424_132409-1024x576.jpg\" alt=\"\" class=\"wp-image-124\" srcset=\"https:\/\/www.finbau.cz\/wp-content\/uploads\/2023\/04\/IMG_20230424_132409-1024x576.jpg 1024w, https:\/\/www.finbau.cz\/wp-content\/uploads\/2023\/04\/IMG_20230424_132409-300x169.jpg 300w, https:\/\/www.finbau.cz\/wp-content\/uploads\/2023\/04\/IMG_20230424_132409-768x432.jpg 768w, https:\/\/www.finbau.cz\/wp-content\/uploads\/2023\/04\/IMG_20230424_132409-1536x864.jpg 1536w, https:\/\/www.finbau.cz\/wp-content\/uploads\/2023\/04\/IMG_20230424_132409-2048x1152.jpg 2048w\" sizes=\"auto, (max-width: 1024px) 100vw, 1024px\" \/><\/figure>\n\n\n\n<figure class=\"wp-block-image size-large\"><img loading=\"lazy\" decoding=\"async\" width=\"1024\" height=\"576\" data-id=\"129\" src=\"http:\/\/www.finbau.cz.uvirt130.active24.cz\/wp-content\/uploads\/2023\/04\/IMG_20230424_132850-1024x576.jpg\" alt=\"\" class=\"wp-image-129\" srcset=\"https:\/\/www.finbau.cz\/wp-content\/uploads\/2023\/04\/IMG_20230424_132850-1024x576.jpg 1024w, https:\/\/www.finbau.cz\/wp-content\/uploads\/2023\/04\/IMG_20230424_132850-300x169.jpg 300w, https:\/\/www.finbau.cz\/wp-content\/uploads\/2023\/04\/IMG_20230424_132850-768x432.jpg 768w, https:\/\/www.finbau.cz\/wp-content\/uploads\/2023\/04\/IMG_20230424_132850-1536x864.jpg 1536w, https:\/\/www.finbau.cz\/wp-content\/uploads\/2023\/04\/IMG_20230424_132850-2048x1152.jpg 2048w\" sizes=\"auto, (max-width: 1024px) 100vw, 1024px\" \/><\/figure>\n\n\n\n<figure class=\"wp-block-image size-large\"><img loading=\"lazy\" decoding=\"async\" width=\"1024\" height=\"576\" data-id=\"126\" src=\"http:\/\/www.finbau.cz.uvirt130.active24.cz\/wp-content\/uploads\/2023\/04\/IMG_20230424_132801-1024x576.jpg\" alt=\"\" class=\"wp-image-126\" srcset=\"https:\/\/www.finbau.cz\/wp-content\/uploads\/2023\/04\/IMG_20230424_132801-1024x576.jpg 1024w, https:\/\/www.finbau.cz\/wp-content\/uploads\/2023\/04\/IMG_20230424_132801-300x169.jpg 300w, https:\/\/www.finbau.cz\/wp-content\/uploads\/2023\/04\/IMG_20230424_132801-768x432.jpg 768w, https:\/\/www.finbau.cz\/wp-content\/uploads\/2023\/04\/IMG_20230424_132801-1536x864.jpg 1536w, https:\/\/www.finbau.cz\/wp-content\/uploads\/2023\/04\/IMG_20230424_132801-2048x1152.jpg 2048w\" sizes=\"auto, (max-width: 1024px) 100vw, 1024px\" \/><\/figure>\n<\/figure>\n\n\n\n<p><\/p>\n\n\n\n<p>Nab\u00edz\u00edme pron\u00e1jem v\u00fdrobn\u00edch, skladov\u00fdch, obchodn\u00edch a prodejn\u00edch prostor, kter\u00e9 se nach\u00e1zej\u00ed u d\u00e1lnice D2 (Brno \u2013 Bratislava, bl\u00edzko Olympie), v obci M\u011bn\u00edn v okrese Brno-venkov v Jihomoravsk\u00e9m kraji. V\u00fdborn\u00e1 lokalita nedaleko Brna, s napojen\u00edm na D1, leti\u0161t\u011b Brno &#8211; Tu\u0159any a zast\u00e1vkou IDS u are\u00e1lu.<\/p>\n\n\n\n<p><strong>Aktu\u00e1ln\u011b k dispozici prostory o velikosti:<\/strong><\/p>\n\n\n\n<p><strong>\u010c\u00e1st haly 10C<\/strong> (lev\u00e1 p\u0159edn\u00ed polovina) \u2013 plocha cca 637 m<sup>2<\/sup> \u2013 voln\u00e1 ihned. Rozm\u011br vrat p\u0159edn\u00ed 2,8 x 3 m (\u0161 \/ v), zadn\u00ed 6 x 3,1 m (\u0161 \/ v), mo\u017enost kancel\u00e1\u0159\u00ed a showroomu. Napojen\u00ed na vodovod. Hala vhodn\u00e1 zejm\u00e9na pro skladov\u00e1n\u00ed materi\u00e1lu a manipulace s nimi vykonan\u00e9 v r\u00e1mci povolen\u00ed a opr\u00e1vn\u011bn\u00ed firem (budouc\u00edch n\u00e1jemc\u016f).\u00a0<\/p>\n\n\n\n<p><strong><em>Technick\u00e9 specifikace:<\/em><\/strong><\/p>\n\n\n\n<ul class=\"wp-block-list\">\n<li>vstupy a vjezdy v \u00farovni vozovky<\/li>\n\n\n\n<li>denn\u00ed sv\u011btlo<\/li>\n\n\n\n<li>Mo\u017enost kancel\u00e1\u0159\u00ed a showroomu<\/li>\n\n\n\n<li>sv\u011btl\u00e1 v\u00fd\u0161ka v h\u0159ebeni 4,61 m<\/li>\n\n\n\n<li>dopravn\u00ed obslu\u017enost i kamiony<\/li>\n\n\n\n<li>mo\u017enost vyu\u017eit\u00ed VZV<\/li>\n\n\n\n<li>rampy<\/li>\n\n\n\n<li>kamionov\u00e1 digit\u00e1ln\u00ed v\u00e1ha<\/li>\n\n\n\n<li>dv\u011b vlastn\u00ed trafostanice<\/li>\n\n\n\n<li>ve\u0159ejn\u00fd a vlastn\u00ed vodovod<\/li>\n\n\n\n<li>mo\u017enost vyu\u017eit\u00ed soci\u00e1ln\u00edho za\u0159\u00edzen\u00ed v p\u0159\u00edzem\u00ed administrativn\u00ed budovy<\/li>\n\n\n\n<li>vr\u00e1tnice 24\/7<\/li>\n<\/ul>\n\n\n\n<p>Mo\u017enost parkov\u00e1n\u00ed v are\u00e1lu. Mo\u017enost pron\u00e1jmu venkovn\u00ed nezpevn\u011bn\u00e9 i zpevn\u011bn\u00e9 plochy v are\u00e1lu.<\/p>\n\n\n\n<p>V p\u0159\u00edpad\u011b z\u00e1jmu o tuto \u010di jinou nemovitost n\u00e1s nev\u00e1hejte kontaktovat.<\/p>\n","protected":false},"excerpt":{"rendered":"<p>Nab\u00edz\u00edme pron\u00e1jem v\u00fdrobn\u00edch, skladov\u00fdch, obchodn\u00edch a prodejn\u00edch prostor, kter\u00e9 se nach\u00e1zej\u00ed u d\u00e1lnice D2 (Brno \u2013 Bratislava, bl\u00edzko Olympie), v obci M\u011bn\u00edn v okrese Brno-venkov v Jihomoravsk\u00e9m kraji. V\u00fdborn\u00e1 lokalita nedaleko Brna, s napojen\u00edm na D1, leti\u0161t\u011b Brno &#8211; Tu\u0159any a zast\u00e1vkou IDS u are\u00e1lu. Aktu\u00e1ln\u011b k dispozici prostory o [&hellip;]<\/p>\n","protected":false},"author":1,"featured_media":131,"comment_status":"closed","ping_status":"open","sticky":false,"template":"","format":"standard","meta":{"footnotes":""},"categories":[3],"tags":[],"class_list":["post-15","post","type-post","status-publish","format-standard","has-post-thumbnail","hentry","category-pronajem"],"_links":{"self":[{"href":"https:\/\/www.finbau.cz\/index.php?rest_route=\/wp\/v2\/posts\/15","targetHints":{"allow":["GET"]}}],"collection":[{"href":"https:\/\/www.finbau.cz\/index.php?rest_route=\/wp\/v2\/posts"}],"about":[{"href":"https:\/\/www.finbau.cz\/index.php?rest_route=\/wp\/v2\/types\/post"}],"author":[{"embeddable":true,"href":"https:\/\/www.finbau.cz\/index.php?rest_route=\/wp\/v2\/users\/1"}],"replies":[{"embeddable":true,"href":"https:\/\/www.finbau.cz\/index.php?rest_route=%2Fwp%2Fv2%2Fcomments&post=15"}],"version-history":[{"count":8,"href":"https:\/\/www.finbau.cz\/index.php?rest_route=\/wp\/v2\/posts\/15\/revisions"}],"predecessor-version":[{"id":209,"href":"https:\/\/www.finbau.cz\/index.php?rest_route=\/wp\/v2\/posts\/15\/revisions\/209"}],"wp:featuredmedia":[{"embeddable":true,"href":"https:\/\/www.finbau.cz\/index.php?rest_route=\/wp\/v2\/media\/131"}],"wp:attachment":[{"href":"https:\/\/www.finbau.cz\/index.php?rest_route=%2Fwp%2Fv2%2Fmedia&parent=15"}],"wp:term":[{"taxonomy":"category","embeddable":true,"href":"https:\/\/www.finbau.cz\/index.php?rest_route=%2Fwp%2Fv2%2Fcategories&post=15"},{"taxonomy":"post_tag","embeddable":true,"href":"https:\/\/www.finbau.cz\/index.php?rest_route=%2Fwp%2Fv2%2Ftags&post=15"}],"curies":[{"name":"wp","href":"https:\/\/api.w.org\/{rel}","templated":true}]}}